{"id":6835,"date":"2023-07-05T17:58:06","date_gmt":"2023-07-05T17:58:06","guid":{"rendered":"https:\/\/www.atlantidarestaurant.com\/gazpacho-un-clasico-del-verano\/"},"modified":"2023-08-14T10:04:02","modified_gmt":"2023-08-14T10:04:02","slug":"gazpacho-un-clasico-del-verano","status":"publish","type":"post","link":"https:\/\/www.atlantidarestaurant.com\/es\/gazpacho-un-clasico-del-verano\/","title":{"rendered":"Gazpacho, un cl\u00e1sico del verano"},"content":{"rendered":"<p>Hoy os queremos mostrar la entrevista de la contra de La Vanguardia de ayer que muestra c\u00f3mo el gazpacho es un alimento perfecto para nuestra salud. Venid a probar el nuestro en Atl\u00e0ntida Vilassar!<\/p>\r\n<p><strong>Ha estudiado usted el gazpacho andaluz?<\/strong>\u00a0He hecho un estudio in vitro sobre sus propiedades anticancer\u00edgenas.<\/p>\r\n<p><strong>Y qu\u00e9 le ha salido?<\/strong>\u00a0Que el gazpacho andaluz puede ser un poderoso c\u00f3ctel quimiopreventivo antitumoral.<\/p>\r\n<p><strong>Los ingredientes del c\u00f3ctel son\u2026<\/strong>\u00a0Tomate. Zanahoria. Pimiento rojo o amarillo. Y ajo. Vinagre. \u00a1Y aceite de oliva virgen extra! Con una picada de pepino y cebolla. Y agua fresca, que transporta la informaci\u00f3n.<\/p>\r\n<p><strong>\u00bfQu\u00e9 informaci\u00f3n?<\/strong>\u00a0La informaci\u00f3n qu\u00edmica y electromagn\u00e9tica de todos esos fitoqu\u00edmicos antitumorales.<\/p>\r\n<p><strong>\u00bfTomar gazpacho cura el c\u00e1ncer?<\/strong>\u00a0Tomar gazpacho habitualmente puede ayudar a prevenir la iniciaci\u00f3n y progresi\u00f3n del c\u00e1ncer. Y su recidiva tras los tratamientos.<\/p>\r\n<p><strong>\u00bfC\u00f3mo consigue tal efecto el gazpacho?<\/strong>\u00a0Frena la multiplicaci\u00f3n enloquecida de c\u00e9lulas tumorales. Y lo fascinante: activa su suicidio programado, la apoptosis celular.<\/p>\r\n<p><strong>\u00bfCualquier gazpacho sirve?<\/strong>\u00a0El gazpacho reci\u00e9n hecho con productos frescos es el m\u00e1s activo y quimiopreventivo.<\/p>\r\n<p><strong>\u00bfComparado con qu\u00e9?<\/strong>\u00a0Con gazpachos refrigerados.., que a su vez son m\u00e1s activos que gazpachos pasteurizados. Y estos, aun as\u00ed, \u00a1act\u00faan!<\/p>\r\n<p><strong>Me har\u00e9 mi gazpachito\u2026<\/strong>\u00a0Con tomates bien maduros, \u00a1mejor!<br \/><br \/><\/p>\r\n<p><a href=\"https:\/\/www.atlantidarestaurant.com\/wp-content\/uploads\/2023\/07\/contravanguardia.jpg\"><img decoding=\"async\" class=\"wp-image-5892 aligncenter\" src=\"https:\/\/www.atlantidarestaurant.com\/wp-content\/uploads\/2023\/07\/contravanguardia.jpg\" alt=\"Gazpacho andaluz\" width=\"550\" height=\"308\" srcset=\"https:\/\/www.atlantidarestaurant.com\/wp-content\/uploads\/2023\/07\/contravanguardia-200x112.jpg 200w, https:\/\/www.atlantidarestaurant.com\/wp-content\/uploads\/2023\/07\/contravanguardia-300x168.jpg 300w, https:\/\/www.atlantidarestaurant.com\/wp-content\/uploads\/2023\/07\/contravanguardia-400x224.jpg 400w, https:\/\/www.atlantidarestaurant.com\/wp-content\/uploads\/2023\/07\/contravanguardia-500x280.jpg 500w, https:\/\/www.atlantidarestaurant.com\/wp-content\/uploads\/2023\/07\/contravanguardia-600x336.jpg 600w, https:\/\/www.atlantidarestaurant.com\/wp-content\/uploads\/2023\/07\/contravanguardia-700x392.jpg 700w, https:\/\/www.atlantidarestaurant.com\/wp-content\/uploads\/2023\/07\/contravanguardia-768x430.jpg 768w, https:\/\/www.atlantidarestaurant.com\/wp-content\/uploads\/2023\/07\/contravanguardia-800x448.jpg 800w, https:\/\/www.atlantidarestaurant.com\/wp-content\/uploads\/2023\/07\/contravanguardia.jpg 991w\" sizes=\"(max-width: 550px) 100vw, 550px\" \/><\/a><\/p>\r\n\r\n<p>&nbsp;<\/p>\r\n\r\n\r\n\r\n<p><strong>\u00bfPor qu\u00e9?<\/strong> \u00a1Mayor actividad anticancer\u00edgena! Hemos coevolucionado con las hortalizas de color y sabor atrayentes: las maduras y llamativas interact\u00faan mejor con nuestras c\u00e9lulas.<\/p>\r\n\r\n\r\n\r\n<p><strong>Pero si el c\u00e1ncer quiere aparecer&#8230;<\/strong>Porque Occidente falla: tenemos oncogenes, \u00a1pero podemos inhibir su expresi\u00f3n mediante buena dieta y h\u00e1bitos saludables!<\/p>\r\n\r\n\r\n\r\n<p><strong>\u00bfQu\u00e9 estamos haciendo mal, doctor?<\/strong> Le damos a la c\u00e9lula cancerosa lo que necesita: alimentos procesados, pocos vegetales frescos, mucho az\u00facar y poco ox\u00edgeno! \u00a1Mal!<\/p>\r\n\r\n\r\n\r\n<p><strong>No me asuste.<\/strong> No estamos preparados para tanto az\u00facar. P\u00f3nselo dif\u00edcil al c\u00e1ncer: ejercicio para oxigenarte, grasas no saturadas \u00a1y nada de az\u00facar refinado! \u00bfLe expongo una hip\u00f3tesis?<\/p>\r\n\r\n\r\n\r\n<p><strong>El cient\u00edfico es usted.<\/strong> La sopa org\u00e1nica primitiva en la que se multiplicaron las primeras c\u00e9lulas de la Tierra, durante el prec\u00e1mbrico, \u00bfc\u00f3mo era?<\/p>\r\n\r\n\r\n\r\n<p><strong>\u00bfC\u00f3mo era?<\/strong> Azucarada, reductora y sin ox\u00edgeno. Un medio as\u00ed ayuda a la c\u00e9lula a recordar que fue unicelular independiente, se activa su gen\u00e9tica prec\u00e1mbrica&#8230; y ya: c\u00e1ncer. \u00a1Fr\u00e9nala!<\/p>\r\n\r\n\r\n\r\n<p><strong>Sugestiva hip\u00f3tesis&#8230;<\/strong>Habr\u00e1 que verificarla: mientras, haz ejercicio, controla el estr\u00e9s&#8230; y un gazpacho diario.<\/p>\r\n\r\n\r\n\r\n<p><strong>Pero no s\u00f3lo de gazpacho vive el hombre, doctor.<\/strong> Come comida real, no procesada y envasada, mucha verdura fresca. Y algo de fruta, a bocado limpio, no en zumo. Puedes a\u00f1adir algo de cereal integral y tambi\u00e9n carnes o pescados&#8230; lo mejor alimentados posible, claro&#8230;<\/p>\r\n\r\n\r\n\r\n<p><strong>Me apuntaba tambi\u00e9n que solemos incurrir en conductas oncog\u00e9nicas&#8230;<\/strong> El sedentarismo y el estr\u00e9s, el alcohol y el tabaco y todo tipo de t\u00f3xicos. \u00a1Ev\u00edtalos! Luz natural, aire libre, camina descalzo, \u00a1medita!<\/p>\r\n\r\n\r\n\r\n<p><strong>\u00bfMeditar es oncopreventivo, tambi\u00e9n?<\/strong> S\u00ed, porque la mente sosegada tambi\u00e9n comunica coherencia al organismo, es decir, \u00a1salud, vida! Porque mente y materia est\u00e1n entrelazadas: \u00a1as\u00ed es la vida!<\/p>\r\n\r\n\r\n\r\n<p><strong>\u00bfEsto es hip\u00f3tesis tambi\u00e9n, o ciencia?<\/strong> Lo indican numerosos estudios. Y como bi\u00f3logo y qu\u00edmico, debo admitir que la esencia de la vida s\u00f3lo puede explicarse por la f\u00edsica de campos y por el bioelectromagnetismo.<\/p>\r\n\r\n\r\n\r\n<p><strong>\u00bfEn qu\u00e9 sentido lo dice?<\/strong> El agua es portadora de campos electromagn\u00e9ticos. Puede decirse que tiene memoria, que transmite informaci\u00f3n. El agua es la manifestaci\u00f3n de una funci\u00f3n de ondas electromagn\u00e9ticas, como la mente.<\/p>\r\n\r\n\r\n\r\n<p><strong>\u00bfMente y agua interact\u00faan?<\/strong> La informaci\u00f3n, sea qu\u00edmica o sea mental, puede viajar en el agua. Tambi\u00e9n la energ\u00eda.<\/p>\r\n\r\n\r\n\r\n<p><strong>Eso de dinamizar suena a fantaciencia.<\/strong> Pues es ciencia. Es un proceso natural, y podemos potenciarlo. El agua de lluvia que roza con el aire, y que corre por cauces de roca o barro y se roza ah\u00ed, y que a forma v\u00f3rtices y burbujas&#8230; transfiere electricidad mucho mejor: est\u00e1 \u2013lo dir\u00e9 as\u00ed\u2013 \u00a1m\u00e1s viva!<\/p>\r\n\r\n\r\n\r\n<p><strong>Disculpe, doctor: suena precient\u00edfico.<\/strong> No lo es, porque es medible. Pues no hemos encontrado agua m\u00e1s dinamizada, viva y saludable que la mineral de un manantial de monta\u00f1a. Y ahora, en los invernaderos de Almer\u00eda, estamos ya demostrando la eficacia del agua dinamizada tecnol\u00f3gicamente&#8230;<\/p>\r\n\r\n\r\n\r\n<p><strong>\u00bfEntre gazpacho y gazpacho?<\/strong> Tiene relaci\u00f3n: lo que previene el c\u00e1ncer y la enfermedad es la coherencia alimentada por flujos electromagn\u00e9ticos\u2026 Y esos flujos se fomentan a merced de unos h\u00e1bitos saludables de alimentaci\u00f3n y de movimiento.<\/p>\r\n","protected":false},"excerpt":{"rendered":"<p>Hoy os queremos mostrar la entrevista de la contra de [&hellip;]<\/p>\n","protected":false},"author":1,"featured_media":6563,"comment_status":"open","ping_status":"closed","sticky":false,"template":"","format":"standard","meta":{"footnotes":""},"categories":[83],"tags":[],"yoast_head":"<!-- This site is optimized with the Yoast SEO plugin v20.12 - https:\/\/yoast.com\/wordpress\/plugins\/seo\/ -->\n<title>Gazpacho, un cl\u00e1sico del verano - Atl\u00e0ntida Restaurant<\/title>\n<meta name=\"robots\" content=\"index, follow, max-snippet:-1, max-image-preview:large, max-video-preview:-1\" \/>\n<link rel=\"canonical\" href=\"https:\/\/www.atlantidarestaurant.com\/es\/gazpacho-un-clasico-del-verano\/\" \/>\n<meta property=\"og:locale\" content=\"es_ES\" \/>\n<meta property=\"og:type\" content=\"article\" \/>\n<meta property=\"og:title\" content=\"Gazpacho, un cl\u00e1sico del verano - Atl\u00e0ntida Restaurant\" \/>\n<meta property=\"og:description\" content=\"Hoy os queremos mostrar la entrevista de la contra de [&hellip;]\" \/>\n<meta property=\"og:url\" content=\"https:\/\/www.atlantidarestaurant.com\/es\/gazpacho-un-clasico-del-verano\/\" \/>\n<meta property=\"og:site_name\" content=\"Atl\u00e0ntida Restaurant\" \/>\n<meta property=\"article:published_time\" content=\"2023-07-05T17:58:06+00:00\" \/>\n<meta property=\"article:modified_time\" content=\"2023-08-14T10:04:02+00:00\" \/>\n<meta property=\"og:image\" content=\"https:\/\/www.atlantidarestaurant.com\/wp-content\/uploads\/2023\/07\/gazpacho-atlantida.jpg\" \/>\n\t<meta property=\"og:image:width\" content=\"500\" \/>\n\t<meta property=\"og:image:height\" content=\"386\" \/>\n\t<meta property=\"og:image:type\" content=\"image\/jpeg\" \/>\n<meta name=\"author\" content=\"RestaurantAtlantida\" \/>\n<meta name=\"twitter:card\" content=\"summary_large_image\" \/>\n<meta name=\"twitter:label1\" content=\"Escrito por\" \/>\n\t<meta name=\"twitter:data1\" content=\"RestaurantAtlantida\" \/>\n\t<meta name=\"twitter:label2\" content=\"Tiempo de lectura\" \/>\n\t<meta name=\"twitter:data2\" content=\"5 minutos\" \/>\n<script type=\"application\/ld+json\" class=\"yoast-schema-graph\">{\"@context\":\"https:\/\/schema.org\",\"@graph\":[{\"@type\":\"WebPage\",\"@id\":\"https:\/\/www.atlantidarestaurant.com\/es\/gazpacho-un-clasico-del-verano\/\",\"url\":\"https:\/\/www.atlantidarestaurant.com\/es\/gazpacho-un-clasico-del-verano\/\",\"name\":\"Gazpacho, un cl\u00e1sico del verano - Atl\u00e0ntida Restaurant\",\"isPartOf\":{\"@id\":\"https:\/\/www.atlantidarestaurant.com\/#website\"},\"datePublished\":\"2023-07-05T17:58:06+00:00\",\"dateModified\":\"2023-08-14T10:04:02+00:00\",\"author\":{\"@id\":\"https:\/\/www.atlantidarestaurant.com\/#\/schema\/person\/765566d8478eb83a43b76cb1ce0e23ca\"},\"breadcrumb\":{\"@id\":\"https:\/\/www.atlantidarestaurant.com\/es\/gazpacho-un-clasico-del-verano\/#breadcrumb\"},\"inLanguage\":\"es\",\"potentialAction\":[{\"@type\":\"ReadAction\",\"target\":[\"https:\/\/www.atlantidarestaurant.com\/es\/gazpacho-un-clasico-del-verano\/\"]}]},{\"@type\":\"BreadcrumbList\",\"@id\":\"https:\/\/www.atlantidarestaurant.com\/es\/gazpacho-un-clasico-del-verano\/#breadcrumb\",\"itemListElement\":[{\"@type\":\"ListItem\",\"position\":1,\"name\":\"Inici\",\"item\":\"https:\/\/www.atlantidarestaurant.com\/\"},{\"@type\":\"ListItem\",\"position\":2,\"name\":\"Gazpacho, un cl\u00e1sico del verano\"}]},{\"@type\":\"WebSite\",\"@id\":\"https:\/\/www.atlantidarestaurant.com\/#website\",\"url\":\"https:\/\/www.atlantidarestaurant.com\/\",\"name\":\"Atl\u00e0ntida Restaurant\",\"description\":\"Grup Atl\u00e0ntida\",\"potentialAction\":[{\"@type\":\"SearchAction\",\"target\":{\"@type\":\"EntryPoint\",\"urlTemplate\":\"https:\/\/www.atlantidarestaurant.com\/?s={search_term_string}\"},\"query-input\":\"required name=search_term_string\"}],\"inLanguage\":\"es\"},{\"@type\":\"Person\",\"@id\":\"https:\/\/www.atlantidarestaurant.com\/#\/schema\/person\/765566d8478eb83a43b76cb1ce0e23ca\",\"name\":\"RestaurantAtlantida\",\"sameAs\":[\"https:\/\/atlantidarestaurant.com\"],\"url\":\"https:\/\/www.atlantidarestaurant.com\/es\/author\/restaurantatlantida\/\"}]}<\/script>\n<!-- \/ Yoast SEO plugin. -->","yoast_head_json":{"title":"Gazpacho, un cl\u00e1sico del verano - Atl\u00e0ntida Restaurant","robots":{"index":"index","follow":"follow","max-snippet":"max-snippet:-1","max-image-preview":"max-image-preview:large","max-video-preview":"max-video-preview:-1"},"canonical":"https:\/\/www.atlantidarestaurant.com\/es\/gazpacho-un-clasico-del-verano\/","og_locale":"es_ES","og_type":"article","og_title":"Gazpacho, un cl\u00e1sico del verano - Atl\u00e0ntida Restaurant","og_description":"Hoy os queremos mostrar la entrevista de la contra de [&hellip;]","og_url":"https:\/\/www.atlantidarestaurant.com\/es\/gazpacho-un-clasico-del-verano\/","og_site_name":"Atl\u00e0ntida Restaurant","article_published_time":"2023-07-05T17:58:06+00:00","article_modified_time":"2023-08-14T10:04:02+00:00","og_image":[{"width":500,"height":386,"url":"https:\/\/www.atlantidarestaurant.com\/wp-content\/uploads\/2023\/07\/gazpacho-atlantida.jpg","type":"image\/jpeg"}],"author":"RestaurantAtlantida","twitter_card":"summary_large_image","twitter_misc":{"Escrito por":"RestaurantAtlantida","Tiempo de lectura":"5 minutos"},"schema":{"@context":"https:\/\/schema.org","@graph":[{"@type":"WebPage","@id":"https:\/\/www.atlantidarestaurant.com\/es\/gazpacho-un-clasico-del-verano\/","url":"https:\/\/www.atlantidarestaurant.com\/es\/gazpacho-un-clasico-del-verano\/","name":"Gazpacho, un cl\u00e1sico del verano - Atl\u00e0ntida Restaurant","isPartOf":{"@id":"https:\/\/www.atlantidarestaurant.com\/#website"},"datePublished":"2023-07-05T17:58:06+00:00","dateModified":"2023-08-14T10:04:02+00:00","author":{"@id":"https:\/\/www.atlantidarestaurant.com\/#\/schema\/person\/765566d8478eb83a43b76cb1ce0e23ca"},"breadcrumb":{"@id":"https:\/\/www.atlantidarestaurant.com\/es\/gazpacho-un-clasico-del-verano\/#breadcrumb"},"inLanguage":"es","potentialAction":[{"@type":"ReadAction","target":["https:\/\/www.atlantidarestaurant.com\/es\/gazpacho-un-clasico-del-verano\/"]}]},{"@type":"BreadcrumbList","@id":"https:\/\/www.atlantidarestaurant.com\/es\/gazpacho-un-clasico-del-verano\/#breadcrumb","itemListElement":[{"@type":"ListItem","position":1,"name":"Inici","item":"https:\/\/www.atlantidarestaurant.com\/"},{"@type":"ListItem","position":2,"name":"Gazpacho, un cl\u00e1sico del verano"}]},{"@type":"WebSite","@id":"https:\/\/www.atlantidarestaurant.com\/#website","url":"https:\/\/www.atlantidarestaurant.com\/","name":"Atl\u00e0ntida Restaurant","description":"Grup Atl\u00e0ntida","potentialAction":[{"@type":"SearchAction","target":{"@type":"EntryPoint","urlTemplate":"https:\/\/www.atlantidarestaurant.com\/?s={search_term_string}"},"query-input":"required name=search_term_string"}],"inLanguage":"es"},{"@type":"Person","@id":"https:\/\/www.atlantidarestaurant.com\/#\/schema\/person\/765566d8478eb83a43b76cb1ce0e23ca","name":"RestaurantAtlantida","sameAs":["https:\/\/atlantidarestaurant.com"],"url":"https:\/\/www.atlantidarestaurant.com\/es\/author\/restaurantatlantida\/"}]}},"_links":{"self":[{"href":"https:\/\/www.atlantidarestaurant.com\/es\/wp-json\/wp\/v2\/posts\/6835"}],"collection":[{"href":"https:\/\/www.atlantidarestaurant.com\/es\/wp-json\/wp\/v2\/posts"}],"about":[{"href":"https:\/\/www.atlantidarestaurant.com\/es\/wp-json\/wp\/v2\/types\/post"}],"author":[{"embeddable":true,"href":"https:\/\/www.atlantidarestaurant.com\/es\/wp-json\/wp\/v2\/users\/1"}],"replies":[{"embeddable":true,"href":"https:\/\/www.atlantidarestaurant.com\/es\/wp-json\/wp\/v2\/comments?post=6835"}],"version-history":[{"count":3,"href":"https:\/\/www.atlantidarestaurant.com\/es\/wp-json\/wp\/v2\/posts\/6835\/revisions"}],"predecessor-version":[{"id":6863,"href":"https:\/\/www.atlantidarestaurant.com\/es\/wp-json\/wp\/v2\/posts\/6835\/revisions\/6863"}],"wp:featuredmedia":[{"embeddable":true,"href":"https:\/\/www.atlantidarestaurant.com\/es\/wp-json\/wp\/v2\/media\/6563"}],"wp:attachment":[{"href":"https:\/\/www.atlantidarestaurant.com\/es\/wp-json\/wp\/v2\/media?parent=6835"}],"wp:term":[{"taxonomy":"category","embeddable":true,"href":"https:\/\/www.atlantidarestaurant.com\/es\/wp-json\/wp\/v2\/categories?post=6835"},{"taxonomy":"post_tag","embeddable":true,"href":"https:\/\/www.atlantidarestaurant.com\/es\/wp-json\/wp\/v2\/tags?post=6835"}],"curies":[{"name":"wp","href":"https:\/\/api.w.org\/{rel}","templated":true}]}}